{"id":866,"date":"2025-06-21T06:39:37","date_gmt":"2025-06-21T04:39:37","guid":{"rendered":"https:\/\/www.naturoase-scharnebeck.de\/?p=866"},"modified":"2025-06-21T06:44:15","modified_gmt":"2025-06-21T04:44:15","slug":"sommerfest","status":"publish","type":"post","link":"https:\/\/www.naturoase-scharnebeck.de\/index.php\/2025\/06\/21\/sommerfest\/","title":{"rendered":"Sommerfest 2025"},"content":{"rendered":"\n<p>Es ist wieder soweit wir freuen uns \u00fcber das Jahr und die M\u00f6glichkeit diesen Ort zugestalten. Kommt auf ein St\u00fcck Kuchen vorbei nutzt die Spielwiese oder seit bei der Gartenf\u00fchrung dabei. Ein besonderes Highlight wird 17uhr die Einweihung der Solaranlage.<\/p>\n","protected":false},"excerpt":{"rendered":"<p>Es ist wieder soweit wir freuen uns \u00fcber das Jahr und die M\u00f6glichkeit diesen Ort zugestalten. Kommt auf ein St\u00fcck Kuchen vorbei nutzt die Spielwiese oder seit bei der Gartenf\u00fchrung dabei. Ein besonderes Highlight wird 17uhr die Einweihung der Solaranlage.<\/p>\n","protected":false},"author":1,"featured_media":865,"comment_status":"closed","ping_status":"open","sticky":false,"template":"","format":"standard","meta":{"footnotes":""},"categories":[43],"tags":[73,75,74],"class_list":["post-866","post","type-post","status-publish","format-standard","has-post-thumbnail","hentry","category-aktionstag","tag-fest","tag-fuer-alle","tag-fuer-kinder"],"cc_featured_image_caption":{"caption_text":"","source_text":"","source_url":""},"_links":{"self":[{"href":"https:\/\/www.naturoase-scharnebeck.de\/index.php\/wp-json\/wp\/v2\/posts\/866","targetHints":{"allow":["GET"]}}],"collection":[{"href":"https:\/\/www.naturoase-scharnebeck.de\/index.php\/wp-json\/wp\/v2\/posts"}],"about":[{"href":"https:\/\/www.naturoase-scharnebeck.de\/index.php\/wp-json\/wp\/v2\/types\/post"}],"author":[{"embeddable":true,"href":"https:\/\/www.naturoase-scharnebeck.de\/index.php\/wp-json\/wp\/v2\/users\/1"}],"replies":[{"embeddable":true,"href":"https:\/\/www.naturoase-scharnebeck.de\/index.php\/wp-json\/wp\/v2\/comments?post=866"}],"version-history":[{"count":3,"href":"https:\/\/www.naturoase-scharnebeck.de\/index.php\/wp-json\/wp\/v2\/posts\/866\/revisions"}],"predecessor-version":[{"id":869,"href":"https:\/\/www.naturoase-scharnebeck.de\/index.php\/wp-json\/wp\/v2\/posts\/866\/revisions\/869"}],"wp:featuredmedia":[{"embeddable":true,"href":"https:\/\/www.naturoase-scharnebeck.de\/index.php\/wp-json\/wp\/v2\/media\/865"}],"wp:attachment":[{"href":"https:\/\/www.naturoase-scharnebeck.de\/index.php\/wp-json\/wp\/v2\/media?parent=866"}],"wp:term":[{"taxonomy":"category","embeddable":true,"href":"https:\/\/www.naturoase-scharnebeck.de\/index.php\/wp-json\/wp\/v2\/categories?post=866"},{"taxonomy":"post_tag","embeddable":true,"href":"https:\/\/www.naturoase-scharnebeck.de\/index.php\/wp-json\/wp\/v2\/tags?post=866"}],"curies":[{"name":"wp","href":"https:\/\/api.w.org\/{rel}","templated":true}]}}